{"id":13560,"date":"2023-05-11T14:41:19","date_gmt":"2023-05-11T10:41:19","guid":{"rendered":"https:\/\/adpuagcabedi.edu.az\/?p=13560"},"modified":"2023-10-26T15:08:03","modified_gmt":"2023-10-26T11:08:03","slug":"11-may-2023-cu-il-tarixd%c9%99-adpu-nun-agcab%c9%99di-filialinda-umummilli-lider-heyd%c9%99r-eliyevin-anadan-olmasinin-100-illik-yubileyin%c9%99-h%c9%99sr-olunmus-az%c9%99rbaycan-t%c9%99hsili","status":"publish","type":"post","link":"https:\/\/adpuagcabedi.edu.az\/?p=13560","title":{"rendered":"\u00dcmummilli Lider Heyd\u0259r \u018fliyevin anadan olmas\u0131n\u0131n 100 illik yubileyin\u0259 h\u0259sr olunmu\u015f \u201cAz\u0259rbaycan t\u0259hsilinin inki\u015faf\u0131nda Heyd\u0259r \u018fliyev fenomeninin rolu\u201d m\u00f6vzusunda respublika elmi-praktik konfrans\u0131 ke\u00e7irilib."},"content":{"rendered":"<p>[vc_row][vc_column][vc_gallery type=&#8221;image_grid&#8221; images=&#8221;13561,13562,13563,13564,13565,13566,13567,13568,13569&#8243;][vc_column_text]<a href=\"https:\/\/adpuagcabedi.edu.az\/wp-content\/uploads\/2023\/10\/yeni.pdf\"><span style=\"color: #000000;\">AZ\u018fRBAYCAN RESPUBL\u0130KASI ELM V\u018f T\u018fHS\u0130L NAZ\u0130RL\u0130Y\u0130<\/span><\/a><br \/>\n<span style=\"color: #000000;\">AZ\u018fRBAYCAN D\u00d6VL\u018fT PEDAQOJ\u0130 UN\u0130VERS\u0130TET\u0130<\/span><br \/>\n<span style=\"color: #000000;\">A\u011eCAB\u018fD\u0130 F\u0130L\u0130ALI<\/span>[\/vc_column_text][\/vc_column][\/vc_row]<\/p>\n","protected":false},"excerpt":{"rendered":"<p>[vc_row][vc_column][vc_gallery type=&#8221;image_grid&#8221; images=&#8221;13561,13562,13563,13564,13565,13566,13567,13568,13569&#8243;][vc_column_text]AZ\u018fRBAYCAN RESPUBL\u0130KASI ELM V\u018f T\u018fHS\u0130L NAZ\u0130RL\u0130Y\u0130 AZ\u018fRBAYCAN D\u00d6VL\u018fT PEDAQOJ\u0130 UN\u0130VERS\u0130TET\u0130 A\u011eCAB\u018fD\u0130 F\u0130L\u0130ALI[\/vc_column_text][\/vc_column][\/vc_row]<\/p>\n","protected":false},"author":1,"featured_media":13567,"comment_status":"open","ping_status":"open","sticky":false,"template":"","format":"standard","meta":{"_acf_changed":false,"footnotes":""},"categories":[51],"tags":[],"class_list":["post-13560","post","type-post","status-publish","format-standard","has-post-thumbnail","hentry","category-elmi-konfranslar"],"acf":[],"_links":{"self":[{"href":"https:\/\/adpuagcabedi.edu.az\/index.php?rest_route=\/wp\/v2\/posts\/13560","targetHints":{"allow":["GET"]}}],"collection":[{"href":"https:\/\/adpuagcabedi.edu.az\/index.php?rest_route=\/wp\/v2\/posts"}],"about":[{"href":"https:\/\/adpuagcabedi.edu.az\/index.php?rest_route=\/wp\/v2\/types\/post"}],"author":[{"embeddable":true,"href":"https:\/\/adpuagcabedi.edu.az\/index.php?rest_route=\/wp\/v2\/users\/1"}],"replies":[{"embeddable":true,"href":"https:\/\/adpuagcabedi.edu.az\/index.php?rest_route=%2Fwp%2Fv2%2Fcomments&post=13560"}],"version-history":[{"count":5,"href":"https:\/\/adpuagcabedi.edu.az\/index.php?rest_route=\/wp\/v2\/posts\/13560\/revisions"}],"predecessor-version":[{"id":13577,"href":"https:\/\/adpuagcabedi.edu.az\/index.php?rest_route=\/wp\/v2\/posts\/13560\/revisions\/13577"}],"wp:featuredmedia":[{"embeddable":true,"href":"https:\/\/adpuagcabedi.edu.az\/index.php?rest_route=\/wp\/v2\/media\/13567"}],"wp:attachment":[{"href":"https:\/\/adpuagcabedi.edu.az\/index.php?rest_route=%2Fwp%2Fv2%2Fmedia&parent=13560"}],"wp:term":[{"taxonomy":"category","embeddable":true,"href":"https:\/\/adpuagcabedi.edu.az\/index.php?rest_route=%2Fwp%2Fv2%2Fcategories&post=13560"},{"taxonomy":"post_tag","embeddable":true,"href":"https:\/\/adpuagcabedi.edu.az\/index.php?rest_route=%2Fwp%2Fv2%2Ftags&post=13560"}],"curies":[{"name":"wp","href":"https:\/\/api.w.org\/{rel}","templated":true}]}}